{"id":565,"date":"2025-03-05T14:17:06","date_gmt":"2025-03-05T17:17:06","guid":{"rendered":"https:\/\/icbetaniasp.com.br\/?p=565"},"modified":"2025-03-05T14:29:39","modified_gmt":"2025-03-05T17:29:39","slug":"o-deus-esquecido","status":"publish","type":"post","link":"https:\/\/icbetaniasp.com.br\/index.php\/2025\/03\/05\/o-deus-esquecido\/","title":{"rendered":"O Deus Esquecido"},"content":{"rendered":"\n<p class=\"has-medium-font-size\"><strong>Quem \u00e9 Ele? De quem estamos falando?<\/strong><\/p>\n\n\n\n<p>Eu quero falar sobre esse Deus esquecido, do Espirito Santo de Deus, ele n\u00e3o \u00e9 o terceiro, mas &nbsp;ele <strong>coexiste<\/strong> com o pai e filho (Deus e Jesus). Eu quero mostrar o quanto n\u00f3s deixamos de viver um f\u00e9 plena, quando n\u00f3s esquecemos da a\u00e7\u00e3o do espirito santo e quem Ele \u00e9.<\/p>\n\n\n\n<p>H\u00e1 quem pense que o espirito santo habitou entre n\u00f3s a partir do dia de pentecostes descrito em:<\/p>\n\n\n\n<p>\ud83d\udcd6 <strong>Atos 2:1-4<\/strong> \u2013 <em>&#8220;Cumprindo-se o dia de Pentecostes, estavam todos reunidos no mesmo lugar; e de repente veio do c\u00e9u um som, como de um vento impetuoso (&#8230;), e todos foram cheios do Esp\u00edrito Santo.&#8221;<\/em><\/p>\n\n\n\n<p>Mas ele estava entre n\u00f3s antes mesmo da cria\u00e7\u00e3o. No segundo vers\u00edculo de g\u00eanesis ele j\u00e1 aparece:<\/p>\n\n\n\n<p>\ud83d\udcd6 <strong>G\u00eanesis 1:2<\/strong> \u2013 &#8220;A terra, por\u00e9m, estava sem forma e vazia; e havia trevas sobre a face do abismo, e o Esp\u00edrito de Deus pairava sobre as \u00e1guas.&#8221;<\/p>\n\n\n\n<p>\ud83d\udcd6 <strong>G\u00eanesis 2:7<\/strong> \u2013 &#8220;Ent\u00e3o, formou o Senhor Deus ao homem do p\u00f3 da terra e soprou em suas narinas o f\u00f4lego de vida; e o homem passou a ser alma vivente.&#8221;<\/p>\n\n\n\n<p>A palavra &#8220;f\u00f4lego&#8221; aqui est\u00e1 ligada ao conceito do Esp\u00edrito de Deus (Ruach, no hebraico), indicando a a\u00e7\u00e3o do Esp\u00edrito na cria\u00e7\u00e3o da humanidade.<\/p>\n\n\n\n<p>Depois n\u00f3s vemos uma atua\u00e7\u00e3o mais forte do espirito santo agindo sobre os ap\u00f3stolos na constru\u00e7\u00e3o da igreja, inspirando e encorajando aqueles homens. E vemos Ele <strong>trabalhando at\u00e9 o fim dos tempos<\/strong>, no livro de apocalipse.<\/p>\n\n\n\n<p>\ud83d\udcd6 <strong>Apocalipse 2:7<\/strong> \u2013 <em>&#8220;Quem tem ouvidos, ou\u00e7a o que o Esp\u00edrito diz \u00e0s igrejas.&#8221;<\/em><\/p>\n\n\n\n<ul>\n<li>O Esp\u00edrito Santo <strong>fala diretamente<\/strong> \u00e0s sete igrejas da \u00c1sia (\u00c9feso, Esmirna, P\u00e9rgamo, Tiatira, Sardes, Filad\u00e9lfia e Laodiceia).<\/li>\n\n\n\n<li>Ele <strong>corrige, exorta e fortalece<\/strong> a igreja em meio \u00e0s dificuldades.<\/li>\n<\/ul>\n\n\n\n<p><strong>\ud83d\udcd6<\/strong><strong> Apocalipse 1:4 \u2013 <\/strong><em>&#8220;Gra\u00e7a e paz seja convosco da parte daquele que \u00e9, que era e que h\u00e1 de vir, e da dos sete Esp\u00edritos que est\u00e3o diante do seu trono.&#8221;<\/em><\/p>\n\n\n\n<p>\ud83d\udcd6 <strong>Apocalipse 22:17<\/strong> \u2013 <em>&#8220;E o Esp\u00edrito e a noiva dizem: Vem! E quem ouve, diga: Vem! E quem tem sede, venha; e quem quiser, tome de gra\u00e7a da \u00e1gua da vida.&#8221;<\/em><\/p>\n\n\n\n<p>O Esp\u00edrito Santo n\u00e3o \u00e9 apenas uma for\u00e7a ativa ap\u00f3s Pentecostes; Ele esteve <strong>presente desde o come\u00e7o dos tempos<\/strong>, participando da cria\u00e7\u00e3o e sustentando a vida at\u00e9 hoje. Isso mostra que Ele n\u00e3o \u00e9 apenas um &#8220;extra&#8221; na f\u00e9 crist\u00e3, mas parte essencial de quem Deus \u00e9.<\/p>\n\n\n\n<p class=\"has-medium-font-size\"><strong>O que o Deus esquecido faz na nossa vida?<\/strong><\/p>\n\n\n\n<p><strong>1. Transforma\u00e7\u00e3o de Vida<\/strong><\/p>\n\n\n\n<p>\ud83d\udcd6 <strong>2 Cor\u00edntios 5:17<\/strong> \u2013 <em>&#8220;Assim que, se algu\u00e9m est\u00e1 em Cristo, nova criatura \u00e9; as coisas velhas j\u00e1 passaram; eis que tudo se fez novo.&#8221;<\/em><\/p>\n\n\n\n<ul>\n<li><strong>Com o Esp\u00edrito Santo:<\/strong> A pessoa experimenta uma mudan\u00e7a genu\u00edna, abandona pecados antigos e busca viver em santidade. Sua vida reflete os valores do Reino de Deus.<\/li>\n\n\n\n<li><strong>Sem o Esp\u00edrito Santo:<\/strong> Pode at\u00e9 tentar mudar externamente, mas n\u00e3o experimenta uma transforma\u00e7\u00e3o profunda e verdadeira.<\/li>\n<\/ul>\n\n\n\n<p><\/p>\n\n\n\n<p><strong>2. Produ\u00e7\u00e3o do Fruto do Esp\u00edrito<\/strong><\/p>\n\n\n\n<p>\ud83d\udcd6 <strong>G\u00e1latas 5:22-23<\/strong> \u2013 <em>&#8220;Mas o fruto do Esp\u00edrito \u00e9: amor, alegria, paz, paci\u00eancia, benignidade, bondade, fidelidade, mansid\u00e3o, dom\u00ednio pr\u00f3prio.&#8221;<\/em><\/p>\n\n\n\n<ul>\n<li><strong>Com o Esp\u00edrito Santo:<\/strong> A vida da pessoa manifesta esses frutos de forma natural. Ela ama sem interesse, tem paz em meio \u00e0s dificuldades, pratica bondade e demonstra dom\u00ednio pr\u00f3prio.<\/li>\n\n\n\n<li><strong>Sem o Esp\u00edrito Santo:<\/strong> Pode at\u00e9 ter boas inten\u00e7\u00f5es, mas geralmente age por esfor\u00e7o pr\u00f3prio. Diante de desafios, reage com ira, impaci\u00eancia e falta de amor.<\/li>\n<\/ul>\n\n\n\n<p><\/p>\n\n\n\n<p><strong>3. Poder e Ousadia para Testemunhar<\/strong><\/p>\n\n\n\n<p>\ud83d\udcd6 <strong>Atos 1:8<\/strong> \u2013 <em>&#8220;Mas recebereis poder ao descer sobre v\u00f3s o Esp\u00edrito Santo, e sereis minhas testemunhas tanto em Jerusal\u00e9m como em toda a Judeia e Samaria e at\u00e9 os confins da terra.&#8221;<\/em><\/p>\n\n\n\n<ul>\n<li><strong>Com o Esp\u00edrito Santo:<\/strong> A pessoa tem coragem para compartilhar o evangelho e viver de forma aut\u00eantica, mesmo enfrentando persegui\u00e7\u00f5es.<\/li>\n\n\n\n<li><strong>Sem o Esp\u00edrito Santo:<\/strong> Sente medo, vergonha ou inseguran\u00e7a para falar de Cristo e n\u00e3o vive com ousadia sua f\u00e9.<\/li>\n<\/ul>\n\n\n\n<p><\/p>\n\n\n\n<p><strong>4. Relacionamento Intenso com Deus<\/strong><\/p>\n\n\n\n<p>\ud83d\udcd6 <strong>Romanos 8:14-16<\/strong> \u2013 <em>&#8220;Porque todos os que s\u00e3o guiados pelo Esp\u00edrito de Deus, esses s\u00e3o filhos de Deus.&#8221;<\/em><\/p>\n\n\n\n<ul>\n<li><strong>Com o Esp\u00edrito Santo:<\/strong> A pessoa tem um relacionamento \u00edntimo com Deus, sente Sua presen\u00e7a e ouve Sua voz.<\/li>\n\n\n\n<li><strong>Sem o Esp\u00edrito Santo:<\/strong> V\u00ea Deus como uma ideia distante e n\u00e3o experimenta comunh\u00e3o real com Ele.<\/li>\n<\/ul>\n\n\n\n<p><\/p>\n\n\n\n<p><strong>5. Depend\u00eancia e Dire\u00e7\u00e3o de Deus<\/strong><\/p>\n\n\n\n<p>\ud83d\udcd6 <strong>Jo\u00e3o 16:13<\/strong> \u2013 <em>&#8220;Quando vier, por\u00e9m, o Esp\u00edrito da verdade, ele vos guiar\u00e1 a toda a verdade.&#8221;<\/em><\/p>\n\n\n\n<ul>\n<li><strong>Com o Esp\u00edrito Santo:<\/strong> Busca dire\u00e7\u00e3o para tomar decis\u00f5es e vive segundo a vontade de Deus.<\/li>\n<\/ul>\n\n\n\n<p><strong>Sem o Esp\u00edrito Santo:<\/strong> Confia apenas na pr\u00f3pria sabedoria e toma decis\u00f5es sem considerar a vontade divina.<\/p>\n\n\n\n<p class=\"has-medium-font-size\"><strong>O que nos afasta do Espirito Santo?<\/strong><\/p>\n\n\n\n<p><strong>1. O Perigo de Buscar Conforto em Vez do Esp\u00edrito Santo<\/strong><\/p>\n\n\n\n<p>Francis Chan argumenta que muitos crist\u00e3os modernos vivem de maneira <strong>autossuficiente<\/strong>, sem depender realmente do Esp\u00edrito Santo. Alguns pontos que ele menciona:<\/p>\n\n\n\n<ul>\n<li>Nos acostumamos a uma <strong>vida confort\u00e1vel<\/strong>, onde tudo \u00e9 previs\u00edvel e seguro.<\/li>\n\n\n\n<li>Evitamos riscos espirituais porque queremos manter nossa estabilidade e seguran\u00e7a.<\/li>\n\n\n\n<li><strong>O Esp\u00edrito Santo nos chama para uma vida radical<\/strong>, onde confiamos em Deus em vez de depender apenas dos nossos recursos.<\/li>\n<\/ul>\n\n\n\n<p><\/p>\n\n\n\n<p><strong>2. O Volume de Informa\u00e7\u00f5es e Distra\u00e7\u00f5es nos Afastam do Esp\u00edrito<\/strong><\/p>\n\n\n\n<p>Vivemos em um mundo <strong>cheio de barulho<\/strong> \u2013 n\u00e3o apenas f\u00edsico, mas tamb\u00e9m mental e espiritual. Isso nos impede de ouvir a voz do Esp\u00edrito Santo.<\/p>\n\n\n\n<ul>\n<li>Estamos sempre ocupados com <strong>redes sociais, entretenimento e tecnologia<\/strong>, o que diminui nossa sensibilidade ao Esp\u00edrito.<\/li>\n\n\n\n<li>O Esp\u00edrito Santo fala <strong>no sil\u00eancio<\/strong>, mas raramente paramos para ouvi-Lo.<\/li>\n\n\n\n<li>A pressa e a ansiedade nos fazem ignorar o mover de Deus em nossa vida.<\/li>\n<\/ul>\n\n\n\n<p><\/p>\n\n\n\n<p>Guarde o seu cora\u00e7\u00e3o e o seu para ter um relacionamento intimo com espirito santo e ter plenitude na vida e nos eu relacionamento com Deus. Pois ele \u00e9 nossa fonte de coragem, ensinamento e consolo.<\/p>\n","protected":false},"excerpt":{"rendered":"<p>Quem \u00e9 Ele? De quem estamos falando? Eu quero falar sobre esse Deus esquecido, do Espirito Santo de Deus, ele n\u00e3o \u00e9 o terceiro, mas &nbsp;ele coexiste com o pai e filho (Deus e Jesus). Eu quero mostrar o quanto n\u00f3s deixamos de viver um f\u00e9 plena, quando n\u00f3s esquecemos da a\u00e7\u00e3o do espirito santo [&hellip;]<\/p>\n","protected":false},"author":2,"featured_media":568,"comment_status":"open","ping_status":"open","sticky":false,"template":"","format":"standard","meta":{"footnotes":""},"categories":[1],"tags":[],"_links":{"self":[{"href":"https:\/\/icbetaniasp.com.br\/index.php\/wp-json\/wp\/v2\/posts\/565"}],"collection":[{"href":"https:\/\/icbetaniasp.com.br\/index.php\/wp-json\/wp\/v2\/posts"}],"about":[{"href":"https:\/\/icbetaniasp.com.br\/index.php\/wp-json\/wp\/v2\/types\/post"}],"author":[{"embeddable":true,"href":"https:\/\/icbetaniasp.com.br\/index.php\/wp-json\/wp\/v2\/users\/2"}],"replies":[{"embeddable":true,"href":"https:\/\/icbetaniasp.com.br\/index.php\/wp-json\/wp\/v2\/comments?post=565"}],"version-history":[{"count":4,"href":"https:\/\/icbetaniasp.com.br\/index.php\/wp-json\/wp\/v2\/posts\/565\/revisions"}],"predecessor-version":[{"id":570,"href":"https:\/\/icbetaniasp.com.br\/index.php\/wp-json\/wp\/v2\/posts\/565\/revisions\/570"}],"wp:featuredmedia":[{"embeddable":true,"href":"https:\/\/icbetaniasp.com.br\/index.php\/wp-json\/wp\/v2\/media\/568"}],"wp:attachment":[{"href":"https:\/\/icbetaniasp.com.br\/index.php\/wp-json\/wp\/v2\/media?parent=565"}],"wp:term":[{"taxonomy":"category","embeddable":true,"href":"https:\/\/icbetaniasp.com.br\/index.php\/wp-json\/wp\/v2\/categories?post=565"},{"taxonomy":"post_tag","embeddable":true,"href":"https:\/\/icbetaniasp.com.br\/index.php\/wp-json\/wp\/v2\/tags?post=565"}],"curies":[{"name":"wp","href":"https:\/\/api.w.org\/{rel}","templated":true}]}}