{"id":480,"date":"2023-10-26T11:02:06","date_gmt":"2023-10-26T14:02:06","guid":{"rendered":"https:\/\/icbetaniasp.com.br\/?p=480"},"modified":"2023-10-26T11:23:34","modified_gmt":"2023-10-26T14:23:34","slug":"ser-crianca-para-receber-o-reino-de-deus","status":"publish","type":"post","link":"https:\/\/icbetaniasp.com.br\/index.php\/2023\/10\/26\/ser-crianca-para-receber-o-reino-de-deus\/","title":{"rendered":"Ser crian\u00e7a para receber o Reino de Deus"},"content":{"rendered":"\n<h2 class=\"wp-block-heading has-medium-font-size\">Marcos 10: 13-16<\/h2>\n\n\n\n<p style=\"font-size:22px\">N\u00f3s, seres humanos, fomos criados para viver uma vida extraordin\u00e1ria, multiplicando o bem, o amor, a prosperidade e nossas potencialidades; tendo uma vida feliz.<\/p>\n\n\n\n<p style=\"font-size:22px\">Felicidade \u00e9 um bem-estar individual, particular e pessoal, que compreende a soma de dois fatores. O primeiro \u00e9 o bem-estar individual, que \u00e9 subjetivo (individual). O outro fator envolve ter uma vida concreta e realizada em v\u00e1rias \u00e1reas (espiritual, conjugal, familiar, social, o servir, intelectual, financeira, profissional e emocional. Parece dif\u00edcil e at\u00e9 imposs\u00edvel ser feliz. Mas ser feliz \u00e9 bem mais simples do que se imagina.<\/p>\n\n\n\n<p style=\"font-size:22px\">O primeiro passo para ser feliz \u00e9 desfazer mitos. Existe um inconsciente coletivo na sociedade que dissemina a cren\u00e7a de que \u00e9 imposs\u00edvel ter uma vida plena em todas as \u00e1reas. Muitas pessoas acreditam que estar bem em uma \u00e1rea da vida, anula estar bem em outra. Isso n\u00e3o \u00e9 verdadeiro. \u00c9 importante lembrar que cada pessoa \u00e9 \u00fanica e que cada uma tem conhecimentos e emo\u00e7\u00f5es diferentes das outras, que foram adquiridos ao longo da vida. Se algo n\u00e3o deu certo para uma pessoa, poder\u00e1 dar certo para outra.<\/p>\n\n\n\n<p style=\"font-size:22px\">Na vida \u00e9 preciso expandir limites para que se aumente a percep\u00e7\u00e3o de que a vida faz sentido.<\/p>\n\n\n\n<p style=\"font-size:22px\">O segundo passo \u00e9 buscar o melhor. Jesus falou isso aos seus disc\u00edpulos: <em>\u201cAbram-se para a vida como crian\u00e7as; recebam a vida como d\u00e1diva, assim como as crian\u00e7as fazem\u201d<\/em>.<\/p>\n\n\n\n<p style=\"font-size:22px\">O Reino de Deus \u00e9 um presente Dele para n\u00f3s. Se nos reconhecemos desamparados, sem justas reivindica\u00e7\u00f5es e nem meritosos, nos tornamos como crian\u00e7as e a\u00ed recebemos com disposi\u00e7\u00e3o o Reino como d\u00e1diva.<\/p>\n\n\n\n<p style=\"font-size:22px\">Quem recebe o reino de Deus tem vida abundante. Mas mesmo quem tem vida abundante tem problemas. Por\u00e9m, aprende com eles e muda, e os problemas o torna melhor.<\/p>\n\n\n\n<p style=\"font-size:22px\">Como aquelas crian\u00e7as poderiam se tornar adultos melhores aprendendo com a grosseria e o preconceito daqueles disc\u00edpulos de Jesus?<\/p>\n\n\n\n<p style=\"font-size:22px\">Ele deu um ultimato \u00e0queles homens: <em>\u201cSejam como crian\u00e7as. Abram-se para a vida e para a novidade da vida; recebam a vida como presente, n\u00e3o como enfado ou puni\u00e7\u00e3o; sonhem como crian\u00e7as sonham\u201d<\/em>.<\/p>\n\n\n\n<p style=\"font-size:22px\">Temos que refazer as nossas cren\u00e7as e buscar o conhecimento necess\u00e1rio para nos tornarmos pessoas melhores, mais completas, sem um monte de buracos na vida. Por isso \u00e9 importante nos relacionarmos com as pessoas certas nos afastando daquelas que apenas lamentam, se n\u00e3o conseguirmos melhorar seus pensamentos e o seu foco de vida. Busquemos o Reino de Deus como crian\u00e7as sedentas, curiosas e desejosas de uma vida plena e feliz. Afinal, o pr\u00f3prio Senhor Jesus declarou que o este reino j\u00e1 est\u00e1 em nosso meio.<\/p>\n\n\n\n<p><\/p>\n","protected":false},"excerpt":{"rendered":"<p>Marcos 10: 13-16 N\u00f3s, seres humanos, fomos criados para viver uma vida extraordin\u00e1ria, multiplicando o bem, o amor, a prosperidade e nossas potencialidades; tendo uma vida feliz. Felicidade \u00e9 um bem-estar individual, particular e pessoal, que compreende a soma de dois fatores. O primeiro \u00e9 o bem-estar individual, que \u00e9 subjetivo (individual). O outro fator [&hellip;]<\/p>\n","protected":false},"author":3,"featured_media":481,"comment_status":"open","ping_status":"open","sticky":false,"template":"","format":"standard","meta":{"footnotes":""},"categories":[15],"tags":[],"_links":{"self":[{"href":"https:\/\/icbetaniasp.com.br\/index.php\/wp-json\/wp\/v2\/posts\/480"}],"collection":[{"href":"https:\/\/icbetaniasp.com.br\/index.php\/wp-json\/wp\/v2\/posts"}],"about":[{"href":"https:\/\/icbetaniasp.com.br\/index.php\/wp-json\/wp\/v2\/types\/post"}],"author":[{"embeddable":true,"href":"https:\/\/icbetaniasp.com.br\/index.php\/wp-json\/wp\/v2\/users\/3"}],"replies":[{"embeddable":true,"href":"https:\/\/icbetaniasp.com.br\/index.php\/wp-json\/wp\/v2\/comments?post=480"}],"version-history":[{"count":2,"href":"https:\/\/icbetaniasp.com.br\/index.php\/wp-json\/wp\/v2\/posts\/480\/revisions"}],"predecessor-version":[{"id":484,"href":"https:\/\/icbetaniasp.com.br\/index.php\/wp-json\/wp\/v2\/posts\/480\/revisions\/484"}],"wp:featuredmedia":[{"embeddable":true,"href":"https:\/\/icbetaniasp.com.br\/index.php\/wp-json\/wp\/v2\/media\/481"}],"wp:attachment":[{"href":"https:\/\/icbetaniasp.com.br\/index.php\/wp-json\/wp\/v2\/media?parent=480"}],"wp:term":[{"taxonomy":"category","embeddable":true,"href":"https:\/\/icbetaniasp.com.br\/index.php\/wp-json\/wp\/v2\/categories?post=480"},{"taxonomy":"post_tag","embeddable":true,"href":"https:\/\/icbetaniasp.com.br\/index.php\/wp-json\/wp\/v2\/tags?post=480"}],"curies":[{"name":"wp","href":"https:\/\/api.w.org\/{rel}","templated":true}]}}