{"id":421,"date":"2023-10-06T21:33:29","date_gmt":"2023-10-07T00:33:29","guid":{"rendered":"https:\/\/icbetaniasp.com.br\/?p=421"},"modified":"2023-10-26T10:32:47","modified_gmt":"2023-10-26T13:32:47","slug":"a-volta-de-jesus-e-o-juizo-final","status":"publish","type":"post","link":"https:\/\/icbetaniasp.com.br\/index.php\/2023\/10\/06\/a-volta-de-jesus-e-o-juizo-final\/","title":{"rendered":"A volta de Jesus e o Ju\u00edzo final"},"content":{"rendered":"\n<h2 class=\"wp-block-heading has-medium-font-size\">A volta de Jesus e o Ju\u00edzo Final &#8211; Marcos 13<\/h2>\n\n\n\n<div class=\"wp-block-columns alignwide is-layout-flex wp-container-core-columns-is-layout-1 wp-block-columns-is-layout-flex\">\n<div class=\"wp-block-column is-vertically-aligned-top is-layout-flow wp-block-column-is-layout-flow\" style=\"flex-basis:100%\">\n<p style=\"font-size:22px\">Os sinais que Cristo disse que precederiam a sua vinda s\u00e3o os c\u00f3smicos descritos em Marcos 13: 24 e 25.     Na atualidade, muitos crist\u00e3os perderam a f\u00e9 na volta de Jesus e no ju\u00edzo final em virtude de uma seculariza\u00e7\u00e3o que substituiu a provid\u00eancia divina pela ideia de progresso, e a salva\u00e7\u00e3o do homem e o ju\u00edzo final pela confian\u00e7a na raz\u00e3o. <\/p>\n<\/div>\n<\/div>\n\n\n\n<div class=\"wp-block-columns alignwide is-layout-flex wp-container-core-columns-is-layout-2 wp-block-columns-is-layout-flex\">\n<div class=\"wp-block-column is-layout-flow wp-block-column-is-layout-flow\" style=\"flex-basis:100%\">\n<p style=\"font-size:22px\">Quando olhamos para a profecia b\u00edblica, temos que enxerg\u00e1-la como um iceberg. O iceberg \u00e9 um bloco ou massa de gelo de grandes propor\u00e7\u00f5es que, tendo-se desprendido de uma plataforma de gelo continental, vagueia pelo mar, levado pelas \u00e1guas dos mares \u00e1rticos ou ant\u00e1rticos. Ele n\u00e3o \u00e9 somente a montanha de gelo que vemos na superf\u00edcie. H\u00e1 muito gelo ainda na parte de baixo. A profecia b\u00edblica n\u00e3o \u00e9 apenas a montanha que enxergamos, mas tamb\u00e9m a cordilheira que avan\u00e7a por um continente.<\/p>\n<\/div>\n<\/div>\n\n\n\n<div class=\"wp-block-columns alignwide is-layout-flex wp-container-core-columns-is-layout-3 wp-block-columns-is-layout-flex\">\n<div class=\"wp-block-column is-layout-flow wp-block-column-is-layout-flow\" style=\"flex-basis:100%\">\n<p style=\"font-size:22px\"> Al\u00e9m da profecia de Jesus, vemos que outros profetas antes dele tamb\u00e9m previram as cat\u00e1strofes dos \u00faltimos tempos, como Isa\u00edas, Ezequiel e Daniel. Eles descreveram a destrui\u00e7\u00e3o de alguns povos como elementos da anuncia\u00e7\u00e3o da vinda do ju\u00edzo de Deus. Estes ju\u00edzos s\u00e3o ligados ao grande dia do Senhor e prop\u00f5e que Deus n\u00e3o tem esquecido de sua promessa. <\/p>\n<\/div>\n<\/div>\n\n\n\n<div class=\"wp-block-columns alignwide is-layout-flex wp-container-core-columns-is-layout-4 wp-block-columns-is-layout-flex\">\n<div class=\"wp-block-column is-layout-flow wp-block-column-is-layout-flow\" style=\"flex-basis:100%\">\n<p style=\"font-size:22px\">Por este motivo, Pedro escreveu aos crist\u00e3os que <strong>\u201c&#8230; O dia do Senhor, por\u00e9m, vir\u00e1 como ladr\u00e3o. Os c\u00e9us desaparecer\u00e3o com um grande estrondo, os elementos ser\u00e3o desfeitos pelo calor, e a terra, e tudo o que nela h\u00e1, ser\u00e1 desnudada&#8230; Naquele dia os c\u00e9us ser\u00e3o desfeitos pelo fogo, e os elementos se derreter\u00e3o pelo calor\u201d<\/strong> (2 Pedro 3:8-14). Ele est\u00e1 se referindo a vinda de Cristo da mesma maneira que Isa\u00edas, Ezequiel e o pr\u00f3prio Jesus falaram. No dia que Jesus vier, acontecer\u00e1 igual o previsto; ser\u00e1 o colapso do universo, dando lugar a forma\u00e7\u00e3o de um novo c\u00e9u e uma nova terra onde habitar\u00e1 a justi\u00e7a. O objetivo desses sinais \u00e9 preparar o clima para a recep\u00e7\u00e3o do prometido de todas as na\u00e7\u00f5es. <\/p>\n<\/div>\n<\/div>\n\n\n\n<div class=\"wp-block-columns alignwide is-layout-flex wp-container-core-columns-is-layout-5 wp-block-columns-is-layout-flex\">\n<div class=\"wp-block-column is-layout-flow wp-block-column-is-layout-flow\" style=\"flex-basis:100%\">\n<p style=\"font-size:22px\">Lucas, no cap\u00edtulo 21, acrescenta que haver\u00e1 sinais no sol, na lua e nas estrelas e que aqui na terra haver\u00e1 ang\u00fastia entre as na\u00e7\u00f5es, que ficar\u00e3o perplexas com o bramido do mar e das ondas, homens desmaiar\u00e3o de medo diante de toda a perspectiva de destrui\u00e7\u00e3o, s\u00f3 depois Jesus vir\u00e1. Ser\u00e1 uma vinda p\u00fablica e n\u00e3o secreta, gloriosa e \u00fanica. Ele vir\u00e1 do c\u00e9u, do trono do Seu Pai, como juiz em julgamento. Vir\u00e1 diferente da primeira vez, quando veio humilde, manso e pobre; ser\u00e1 com grande poder e gl\u00f3ria. Ele vir\u00e1 para salvar o seu povo dos inimigos e do anticristo, do pecado e das consequ\u00eancias do pecado (principalmente a morte). Vir\u00e1 para ressuscitar os crentes que tiverem morrido nEle, destruir\u00e1 Satan\u00e1s e julgar\u00e1 o mundo. <\/p>\n<\/div>\n<\/div>\n\n\n\n<div class=\"wp-block-columns alignwide is-layout-flex wp-container-core-columns-is-layout-6 wp-block-columns-is-layout-flex\">\n<div class=\"wp-block-column is-layout-flow wp-block-column-is-layout-flow\" style=\"flex-basis:100%\">\n<p style=\"font-size:22px\">Os joelhos de bilh\u00f5es de pessoas, de todas as l\u00ednguas e na\u00e7\u00f5es, se dobrar\u00e3o e confessar\u00e3o que Jesus Cristo \u00e9 o Senhor. Ser\u00e1 o grande dia do encontro com o nosso Salvador. Portanto, mesmo que sejamos v\u00edtimas de ciladas, emboscadas, trapa\u00e7as, sejamos enganados, tendo l\u00e1grimas e prova\u00e7\u00f5es nesta vida, n\u00e3o podemos de forma alguma negociar os nossos valores. N\u00e3o venda a sua consci\u00eancia, n\u00e3o despreze o minist\u00e9rio que Deus te deu. Grande \u00e9 o galard\u00e3o guardado por Deus para voc\u00ea na eternidade.<\/p>\n<\/div>\n<\/div>\n","protected":false},"excerpt":{"rendered":"<p>A volta de Jesus e o Ju\u00edzo Final &#8211; Marcos 13 Os sinais que Cristo disse que precederiam a sua vinda s\u00e3o os c\u00f3smicos descritos em Marcos 13: 24 e 25. Na atualidade, muitos crist\u00e3os perderam a f\u00e9 na volta de Jesus e no ju\u00edzo final em virtude de uma seculariza\u00e7\u00e3o que substituiu a provid\u00eancia [&hellip;]<\/p>\n","protected":false},"author":3,"featured_media":422,"comment_status":"open","ping_status":"open","sticky":false,"template":"","format":"standard","meta":{"footnotes":""},"categories":[12],"tags":[],"_links":{"self":[{"href":"https:\/\/icbetaniasp.com.br\/index.php\/wp-json\/wp\/v2\/posts\/421"}],"collection":[{"href":"https:\/\/icbetaniasp.com.br\/index.php\/wp-json\/wp\/v2\/posts"}],"about":[{"href":"https:\/\/icbetaniasp.com.br\/index.php\/wp-json\/wp\/v2\/types\/post"}],"author":[{"embeddable":true,"href":"https:\/\/icbetaniasp.com.br\/index.php\/wp-json\/wp\/v2\/users\/3"}],"replies":[{"embeddable":true,"href":"https:\/\/icbetaniasp.com.br\/index.php\/wp-json\/wp\/v2\/comments?post=421"}],"version-history":[{"count":10,"href":"https:\/\/icbetaniasp.com.br\/index.php\/wp-json\/wp\/v2\/posts\/421\/revisions"}],"predecessor-version":[{"id":479,"href":"https:\/\/icbetaniasp.com.br\/index.php\/wp-json\/wp\/v2\/posts\/421\/revisions\/479"}],"wp:featuredmedia":[{"embeddable":true,"href":"https:\/\/icbetaniasp.com.br\/index.php\/wp-json\/wp\/v2\/media\/422"}],"wp:attachment":[{"href":"https:\/\/icbetaniasp.com.br\/index.php\/wp-json\/wp\/v2\/media?parent=421"}],"wp:term":[{"taxonomy":"category","embeddable":true,"href":"https:\/\/icbetaniasp.com.br\/index.php\/wp-json\/wp\/v2\/categories?post=421"},{"taxonomy":"post_tag","embeddable":true,"href":"https:\/\/icbetaniasp.com.br\/index.php\/wp-json\/wp\/v2\/tags?post=421"}],"curies":[{"name":"wp","href":"https:\/\/api.w.org\/{rel}","templated":true}]}}